{"id":297,"date":"2023-07-16T10:18:27","date_gmt":"2023-07-16T10:18:27","guid":{"rendered":"https:\/\/klima-theke.com\/?p=297"},"modified":"2023-08-27T16:32:09","modified_gmt":"2023-08-27T14:32:09","slug":"die-3-besten-deckenventilatoren-2023","status":"publish","type":"post","link":"https:\/\/klima-theke.com\/?p=297","title":{"rendered":"Die 3 besten Deckenventilatoren 2023"},"content":{"rendered":"\n<p>In unserer heutigen umweltbewussten Welt suchen wir st\u00e4ndig nach Wegen, Energie zu sparen und dabei unser Leben komfortabel zu gestalten. Deckenventilatoren sind in dieser Hinsicht eine ausgezeichnete Wahl. Sie sind energieeffizient und bieten eine kosteng\u00fcnstige Alternative zu Klimaanlagen. In diesem Artikel stellen wir drei Top-Modelle vor, die dir dabei helfen, dein Zuhause k\u00fchl und komfortabel zu halten.<\/p>\n\n\n\n<div class=\"wp-block-rank-math-toc-block\" id=\"rank-math-toc\"><h2>Inhaltsverzeichnis<\/h2><nav><ul><li class=\"\"><a href=\"#wie-funktioniert-ein-deckenventilator\">Wie funktioniert ein Deckenventilator?<\/a><\/li><li class=\"\"><a href=\"#die-besten-deckenventilatoren\">Die besten Deckenventilatoren<\/a><\/li><li class=\"\"><a href=\"#vergleich-der-modelle\">Vergleich der Modelle<\/a><\/li><li class=\"\"><a href=\"#wie-wahlt-man-den-richtigen-deckenventilator\">Wie w\u00e4hlt man den richtigen Deckenventilator?<\/a><\/li><li class=\"\"><a href=\"#abschluss\">Abschluss<\/a><\/li><\/ul><\/nav><\/div>\n\n\n\n<h2 class=\"wp-block-heading\" id=\"wie-funktioniert-ein-deckenventilator\">Wie funktioniert ein Deckenventilator?<\/h2>\n\n\n\n<p>Bevor wir uns den Modellen zuwenden, schauen wir uns kurz an, wie ein Deckenventilator funktioniert. Ein Deckenventilator nutzt den Prinzip der Konvektion, indem er die Luft im Raum umw\u00e4lzt. Im Sommer bl\u00e4st er die k\u00fchle Luft, die aufgrund ihrer Dichte zum Boden sinkt, nach oben und verteilt sie im ganzen Raum. Verglichen mit Klimaanlagen sind Deckenventilatoren deutlich energieeffizienter und kosteng\u00fcnstiger im Betrieb.<\/p>\n\n\n\n<h2 class=\"wp-block-heading\" id=\"die-besten-deckenventilatoren\">Die besten Deckenventilatoren<\/h2>\n\n\n\n<h3 class=\"wp-block-heading\" id=\"farelek-wallis-schwarz-38-w\">Farelek Wallis Schwarz &#8211; 38 W<\/h3>\n\n\n\n<p>Der <a href=\"https:\/\/klima-theke.com\/produkt\/deckenventilator-farelek-wallis-schwarz-38-w\/\">Farelek Wallis Schwarz<\/a> zeichnet sich durch sein elegantes Design und seine energieeffiziente Leistung aus. Mit einer Leistungsaufnahme von nur 38 Watt ist er ideal f\u00fcr diejenigen, die nach einer stromsparenden L\u00f6sung suchen.<\/p>\n\n\n\n<h4 class=\"wp-block-heading\" id=\"vorteile\">Vorteile<\/h4>\n\n\n\n<ul class=\"wp-block-list\">\n<li>Stilvolles Design<\/li>\n\n\n\n<li>Energieeffizient<\/li>\n\n\n\n<li>Leiser Betrieb<\/li>\n<\/ul>\n\n\n\n<h4 class=\"wp-block-heading\" id=\"nachteile\">Nachteile<\/h4>\n\n\n\n<ul class=\"wp-block-list\">\n<li>Keine Beleuchtungsfunktion<\/li>\n<\/ul>\n\n\n\n<p>Dieser Ventilator ist ideal f\u00fcr kleinere R\u00e4ume und f\u00fcr alle, die ein elegantes, minimalistisches Design bevorzugen.<\/p>\n\n\n<div data-block-name=\"woocommerce\/featured-product\" data-edit-mode=\"false\" data-product-id=\"207\" data-show-desc=\"false\" data-show-price=\"false\" class=\"wc-block-featured-product alignnone has-background-dim wp-block-woocommerce-featured-product\" style=\"min-height:500px;\"><div class=\"wc-block-featured-product__wrapper\"><div class=\"background-dim__overlay\" style=\"background-color: #000000\"><\/div><img decoding=\"async\" alt=\"Deckenventilator FARELEK Wallis Schwarz 38 W\" class=\"wc-block-featured-product__background-image\" src=\"https:\/\/klima-theke.com\/wp-content\/uploads\/2023\/10\/e6a8d3d83893ddf7bb4406eede159bb0-2-1024x1024.jpg\" style=\"object-fit: none;object-position: 50% 50%;\" title=\"\"><h2 class=\"wc-block-featured-product__title\">Deckenventilator FARELEK Wallis Schwarz 38 W<\/h2><div class=\"wc-block-featured-product__link\">\n\n<div class=\"wp-block-buttons is-content-justification-center is-layout-flex wp-container-core-buttons-is-layout-16018d1d wp-block-buttons-is-layout-flex\">\n<div class=\"wp-block-button\"><a class=\"wp-block-button__link wp-element-button\" href=\"https:\/\/klima-theke.com\/produkt\/deckenventilator-farelek-wallis-schwarz-38-w\/\">Jetzt einkaufen<\/a><\/div>\n<\/div>\n\n<\/div><\/div><\/div>\n\n\n<h3 class=\"wp-block-heading\" id=\"farelek-air-light-crown-weiss-95-w\">Farelek Air &amp; Light Crown Wei\u00df &#8211; 95 W<\/h3>\n\n\n\n<p>Der <a href=\"https:\/\/klima-theke.com\/produkt\/deckenventilator-farelek-air-llight-crown-weiss-95-w\/\">Farelek Air &amp; Light Crown Wei\u00df<\/a> ist mehr als nur ein Deckenventilator. Er ist auch mit einer integrierten Beleuchtungseinheit ausgestattet, was ihn zu einer vielseitigen Wahl f\u00fcr dein Zuhause macht.<\/p>\n\n\n\n<h4 class=\"wp-block-heading\" id=\"vorteile-1\">Vorteile<\/h4>\n\n\n\n<ul class=\"wp-block-list\">\n<li>Integrierte Beleuchtung<\/li>\n\n\n\n<li>Kraftvoller Motor<\/li>\n<\/ul>\n\n\n\n<h4 class=\"wp-block-heading\" id=\"nachteile-2\">Nachteile<\/h4>\n\n\n\n<ul class=\"wp-block-list\">\n<li>H\u00f6herer Energieverbrauch<\/li>\n<\/ul>\n\n\n\n<p>Dieser Ventilator eignet sich hervorragend f\u00fcr gr\u00f6\u00dfere R\u00e4ume und f\u00fcr diejenigen, die eine 2-in-1-L\u00f6sung f\u00fcr Beleuchtung und Bel\u00fcftung suchen.<\/p>\n\n\n<div data-block-name=\"woocommerce\/featured-product\" data-edit-mode=\"false\" data-product-id=\"194\" data-show-desc=\"false\" data-show-price=\"false\" class=\"wc-block-featured-product alignnone has-background-dim wp-block-woocommerce-featured-product\" style=\"min-height:500px;\"><div class=\"wc-block-featured-product__wrapper\"><div class=\"background-dim__overlay\" style=\"background-color: #000000\"><\/div><img decoding=\"async\" alt=\"Deckenventilator FARELEK AIR-LLIGHT CROWN Wei\u00df 95 W\" class=\"wc-block-featured-product__background-image\" src=\"https:\/\/klima-theke.com\/wp-content\/uploads\/2023\/10\/c6d0882a49ca65a6a1a7782d11250bb6-3-1024x1024.jpg\" style=\"object-fit: none;object-position: 50% 50%;\" title=\"\"><h2 class=\"wc-block-featured-product__title\">Deckenventilator FARELEK AIR-LLIGHT CROWN Wei\u00df 95 W<\/h2><div class=\"wc-block-featured-product__link\">\n\n<div class=\"wp-block-buttons is-content-justification-center is-layout-flex wp-container-core-buttons-is-layout-16018d1d wp-block-buttons-is-layout-flex\">\n<div class=\"wp-block-button\"><a class=\"wp-block-button__link wp-element-button\" href=\"https:\/\/klima-theke.com\/produkt\/deckenventilator-farelek-air-llight-crown-weiss-95-w\/\">Jetzt einkaufen<\/a><\/div>\n<\/div>\n\n<\/div><\/div><\/div>\n\n\n<h3 class=\"wp-block-heading\" id=\"farelek-braun-38-w\">Farelek Braun &#8211; 38 W<\/h3>\n\n\n\n<p>Der <a href=\"https:\/\/klima-theke.com\/produkt\/deckenventilator-farelek-braun-38-w\/\">Farelek Braun<\/a> ist ein weiteres energiesparendes Modell. Seine braune Farbgebung passt zu vielen Einrichtungsstilen und sorgt f\u00fcr ein warmes, einladendes Ambiente.<\/p>\n\n\n\n<h4 class=\"wp-block-heading\" id=\"vorteile-3\">Vorteile<\/h4>\n\n\n\n<ul class=\"wp-block-list\">\n<li>Energieeffizient<\/li>\n\n\n\n<li>Vielseitiges Design<\/li>\n<\/ul>\n\n\n\n<h4 class=\"wp-block-heading\" id=\"nachteile-4\">Nachteile<\/h4>\n\n\n\n<ul class=\"wp-block-list\">\n<li>Keine integrierte Beleuchtung<\/li>\n<\/ul>\n\n\n\n<p>Dieses Modell ist perfekt f\u00fcr mittelgro\u00dfe bis gro\u00dfe R\u00e4ume und f\u00fcr diejenigen, die ein klassisches, vielseitiges Design bevorzugen.<\/p>\n\n\n<div data-block-name=\"woocommerce\/featured-product\" data-edit-mode=\"false\" data-product-id=\"192\" data-show-desc=\"false\" data-show-price=\"false\" class=\"wc-block-featured-product alignnone has-background-dim wp-block-woocommerce-featured-product\" style=\"min-height:500px;\"><div class=\"wc-block-featured-product__wrapper\"><div class=\"background-dim__overlay\" style=\"background-color: #000000\"><\/div><img decoding=\"async\" alt=\"Deckenventilator FARELEK Braun 38 W\" class=\"wc-block-featured-product__background-image\" src=\"https:\/\/klima-theke.com\/wp-content\/uploads\/2023\/10\/e56969143a879a11b5326e9f1f0fa954-2-1024x1024.jpg\" style=\"object-fit: none;object-position: 50% 50%;\" title=\"\"><h2 class=\"wc-block-featured-product__title\">Deckenventilator FARELEK Braun 38 W<\/h2><div class=\"wc-block-featured-product__link\">\n\n<div class=\"wp-block-buttons is-content-justification-center is-layout-flex wp-container-core-buttons-is-layout-16018d1d wp-block-buttons-is-layout-flex\">\n<div class=\"wp-block-button\"><a class=\"wp-block-button__link wp-element-button\" href=\"https:\/\/klima-theke.com\/produkt\/deckenventilator-farelek-braun-38-w\/\">Jetzt einkaufen<\/a><\/div>\n<\/div>\n\n<\/div><\/div><\/div>\n\n\n<h2 class=\"wp-block-heading\" id=\"vergleich-der-modelle\">Vergleich der Modelle<\/h2>\n\n\n\n<p>Jedes der vorgestellten Modelle hat seine eigenen St\u00e4rken. Der Farelek Wallis Schwarz und der Farelek Braun sind beide sehr energieeffizient, w\u00e4hrend der Farelek Air &amp; Light Crown Wei\u00df mehr Leistung und eine integrierte Beleuchtung bietet. Deine Wahl h\u00e4ngt letztlich von deinen spezifischen Bed\u00fcrfnissen und Vorlieben ab.<\/p>\n\n\n\n<h2 class=\"wp-block-heading\" id=\"wie-wahlt-man-den-richtigen-deckenventilator\">Wie w\u00e4hlt man den richtigen Deckenventilator?<\/h2>\n\n\n\n<p>Bei der Wahl des richtigen Deckenventilators solltest du die Gr\u00f6\u00dfe deines Raumes, die H\u00f6he der Decke, dein Budget und den Energieverbrauch des Ventilators ber\u00fccksichtigen. Energieeffiziente Modelle k\u00f6nnen zwar anfangs mehr kosten, sparen aber auf lange Sicht Geld.<\/p>\n\n\n\n<h2 class=\"wp-block-heading\" id=\"abschluss\">Abschluss<\/h2>\n\n\n\n<p>Egal, f\u00fcr welches Modell du dich entscheidest, ein Deckenventilator ist eine gro\u00dfartige M\u00f6glichkeit, deine R\u00e4ume komfortabel und energieeffizient zu k\u00fchlen. W\u00e4hle das Modell, das am besten zu deinen Bed\u00fcrfnissen passt, und genie\u00dfe den Komfort, den es bietet.<\/p>\n","protected":false},"excerpt":{"rendered":"<p>In unserer heutigen umweltbewussten Welt suchen wir st\u00e4ndig nach Wegen, Energie zu sparen und dabei unser Leben komfortabel zu gestalten. Deckenventilatoren sind in dieser Hinsicht eine ausgezeichnete Wahl. Sie sind energieeffizient und bieten eine kosteng\u00fcnstige Alternative zu Klimaanlagen. In diesem Artikel stellen wir drei Top-Modelle vor, die dir dabei helfen, dein Zuhause k\u00fchl und komfortabel [&#8230;]\n","protected":false},"author":2,"featured_media":0,"comment_status":"open","ping_status":"open","sticky":false,"template":"","format":"standard","meta":{"footnotes":""},"categories":[37,107],"tags":[],"class_list":["post-297","post","type-post","status-publish","format-standard","hentry","category-blog","category-ventilatoren"],"_links":{"self":[{"href":"https:\/\/klima-theke.com\/index.php?rest_route=\/wp\/v2\/posts\/297","targetHints":{"allow":["GET"]}}],"collection":[{"href":"https:\/\/klima-theke.com\/index.php?rest_route=\/wp\/v2\/posts"}],"about":[{"href":"https:\/\/klima-theke.com\/index.php?rest_route=\/wp\/v2\/types\/post"}],"author":[{"embeddable":true,"href":"https:\/\/klima-theke.com\/index.php?rest_route=\/wp\/v2\/users\/2"}],"replies":[{"embeddable":true,"href":"https:\/\/klima-theke.com\/index.php?rest_route=%2Fwp%2Fv2%2Fcomments&post=297"}],"version-history":[{"count":5,"href":"https:\/\/klima-theke.com\/index.php?rest_route=\/wp\/v2\/posts\/297\/revisions"}],"predecessor-version":[{"id":52880,"href":"https:\/\/klima-theke.com\/index.php?rest_route=\/wp\/v2\/posts\/297\/revisions\/52880"}],"wp:attachment":[{"href":"https:\/\/klima-theke.com\/index.php?rest_route=%2Fwp%2Fv2%2Fmedia&parent=297"}],"wp:term":[{"taxonomy":"category","embeddable":true,"href":"https:\/\/klima-theke.com\/index.php?rest_route=%2Fwp%2Fv2%2Fcategories&post=297"},{"taxonomy":"post_tag","embeddable":true,"href":"https:\/\/klima-theke.com\/index.php?rest_route=%2Fwp%2Fv2%2Ftags&post=297"}],"curies":[{"name":"wp","href":"https:\/\/api.w.org\/{rel}","templated":true}]}}