{"id":15968,"date":"2023-07-25T14:38:18","date_gmt":"2023-07-25T14:38:18","guid":{"rendered":"https:\/\/klima-theke.com\/?p=15968"},"modified":"2023-07-25T14:42:13","modified_gmt":"2023-07-25T14:42:13","slug":"angenehme-erfrischung-im-sommer-entdecke-unsere-mobilen-luftkuehler-und-luftbefeuchter","status":"publish","type":"post","link":"https:\/\/klima-theke.com\/?p=15968","title":{"rendered":"Angenehme Erfrischung im Sommer: Entdecke unsere mobilen Luftk\u00fchler und Luftbefeuchter"},"content":{"rendered":"\n<p>In den hei\u00dfen Sommermonaten sehnen wir uns alle nach einer willkommenen Abk\u00fchlung. Mobile Luftk\u00fchler und Luftbefeuchter sind praktische und effiziente L\u00f6sungen, um dieses Bed\u00fcrfnis zu erf\u00fcllen. Sie bieten nicht nur Erfrischung, sondern tragen auch zu einer gesunden Raumluft bei.<\/p>\n\n\n\n<div class=\"wp-block-rank-math-toc-block\" id=\"rank-math-toc\"><h2>Inhaltsverzeichnis<\/h2><nav><ul><li class=\"\"><a href=\"#der-mobile-luftkuhler\">Der mobile Luftk\u00fchler<\/a><ul><li class=\"\"><a href=\"#was-ist-ein-mobiler-luftkuhler\">Was ist ein mobiler Luftk\u00fchler?<\/a><\/li><li class=\"\"><a href=\"#vorteile-und-funktionen-des-mobilen-luftkuhlers\">Vorteile und Funktionen des mobilen Luftk\u00fchlers<\/a><\/li><li class=\"\"><a href=\"#modelle-und-besonderheiten\">Modelle und Besonderheiten<\/a><\/li><\/ul><\/li><li class=\"\"><a href=\"#der-luftbefeuchter\">Der Luftbefeuchter<\/a><ul><li class=\"\"><a href=\"#was-ist-ein-luftbefeuchter\">Was ist ein Luftbefeuchter?<\/a><\/li><li class=\"\"><a href=\"#warum-ist-die-luftfeuchtigkeit-im-sommer-wichtig\">Warum ist die Luftfeuchtigkeit im Sommer wichtig?<\/a><\/li><li class=\"\"><a href=\"#modelle-und-besonderheiten-von-luftbefeuchtern\">Modelle und Besonderheiten von Luftbefeuchtern<\/a><\/li><li class=\"\"><a href=\"#wann-ist-welches-gerat-am-besten-geeignet\">Wann ist welches Ger\u00e4t am besten geeignet?<\/a><\/li><li class=\"\"><a href=\"#kann-ich-beide-gerate-gleichzeitig-verwenden\">Kann ich beide Ger\u00e4te gleichzeitig verwenden?<\/a><\/li><li class=\"\"><a href=\"#wie-viel-energie-verbrauchen-diese-gerate\">Wie viel Energie verbrauchen diese Ger\u00e4te?<\/a><\/li><li class=\"\"><a href=\"#sind-diese-gerate-fur-alle-raumlichkeiten-geeignet\">Sind diese Ger\u00e4te f\u00fcr alle R\u00e4umlichkeiten geeignet?<\/a><\/li><\/ul><\/li><\/ul><\/nav><\/div>\n\n\n\n<h2 class=\"wp-block-heading\" id=\"der-mobile-luftkuhler\"><strong>Der mobile Luftk\u00fchler<\/strong><\/h2>\n\n\n\n<h3 class=\"wp-block-heading\" id=\"was-ist-ein-mobiler-luftkuhler\">Was ist ein mobiler Luftk\u00fchler?<\/h3>\n\n\n\n<p>Ein mobiler Luftk\u00fchler ist ein tragbares Ger\u00e4t, das die Raumtemperatur durch die Verdunstung von Wasser senkt. Es ist ein ausgezeichnetes Hilfsmittel, um im Sommer eine angenehme K\u00fchle zu schaffen.<\/p>\n\n\n\n<h3 class=\"wp-block-heading\" id=\"vorteile-und-funktionen-des-mobilen-luftkuhlers\">Vorteile und Funktionen des mobilen Luftk\u00fchlers<\/h3>\n\n\n\n<p>Mobile Luftk\u00fchler sind energieeffizient und einfach zu bedienen. Sie k\u00f6nnen von Raum zu Raum transportiert werden und sind daher besonders flexibel einsetzbar. Dar\u00fcber hinaus reinigen und befeuchten sie auch die Luft, was f\u00fcr ein gesundes Raumklima sorgt.<\/p>\n\n\n\n<h3 class=\"wp-block-heading\" id=\"modelle-und-besonderheiten\">Modelle und Besonderheiten<\/h3>\n\n\n\n<p>Unser <a href=\"https:\/\/klima-theke.com\/produkt\/ozon-generator-cecotec-totalpure-4000-light-ozone\/\">Ozon Generator Cecotec TotalPure 4000 Light Ozone<\/a> ist ein hervorragendes Beispiel f\u00fcr einen hochwertigen Luftk\u00fchler. Er zeichnet sich durch seine kompakte Bauweise, hohe Effizienz und vielseitige Einsatzm\u00f6glichkeiten aus.<\/p>\n\n\n\n<h2 class=\"wp-block-heading\" id=\"der-luftbefeuchter\"><strong>Der Luftbefeuchter<\/strong><\/h2>\n\n\n\n<h3 class=\"wp-block-heading\" id=\"was-ist-ein-luftbefeuchter\">Was ist ein Luftbefeuchter?<\/h3>\n\n\n\n<p>Ein Luftbefeuchter erh\u00f6ht die Feuchtigkeit in der Raumluft, was besonders im Sommer wichtig ist, um die Luftqualit\u00e4t zu verbessern und ein angenehmes Raumklima zu schaffen.<\/p>\n\n\n\n<h3 class=\"wp-block-heading\" id=\"warum-ist-die-luftfeuchtigkeit-im-sommer-wichtig\">Warum ist die Luftfeuchtigkeit im Sommer wichtig?<\/h3>\n\n\n\n<p>Die Sommerhitze kann die Luftfeuchtigkeit in unseren R\u00e4umen stark reduzieren, was zu trockenen Augen, trockener Haut und sogar Atemwegsproblemen f\u00fchren kann. Ein Luftbefeuchter kann hier Abhilfe schaffen.<\/p>\n\n\n<div data-block-name=\"woocommerce\/product-category\" data-columns=\"2\" data-rows=\"1\" data-content-visibility=\"{&quot;image&quot;:true,&quot;title&quot;:true,&quot;price&quot;:false,&quot;rating&quot;:false,&quot;button&quot;:false}\" data-categories=\"[35]\" class=\"wc-block-grid wp-block-product-category wc-block-product-category has-2-columns\"><ul class=\"wc-block-grid__products\"><li class=\"wc-block-grid__product\">\n\t\t\t\t<a href=\"https:\/\/klima-theke.com\/?product=ozon-generator-cecotec-totalpure-4000-light-ozone\" class=\"wc-block-grid__product-link\">\n\t\t\t\t\t\n\t\t\t\t\t<div class=\"wc-block-grid__product-image\"><img loading=\"lazy\" decoding=\"async\" width=\"300\" height=\"300\" src=\"https:\/\/klima-theke.com\/wp-content\/uploads\/2023\/10\/8435484056281_V1705217_P0-v_1-300x300.jpg\" class=\"attachment-woocommerce_thumbnail size-woocommerce_thumbnail\" alt=\"Ozon-Generator Cecotec TotalPure 4000 Light Ozone\" srcset=\"https:\/\/klima-theke.com\/wp-content\/uploads\/2023\/10\/8435484056281_V1705217_P0-v_1-300x300.jpg 300w, https:\/\/klima-theke.com\/wp-content\/uploads\/2023\/10\/8435484056281_V1705217_P0-v_1-150x150.jpg 150w, https:\/\/klima-theke.com\/wp-content\/uploads\/2023\/10\/8435484056281_V1705217_P0-v_1-100x100.jpg 100w, https:\/\/klima-theke.com\/wp-content\/uploads\/2023\/10\/8435484056281_V1705217_P0-v_1.jpg 600w\" sizes=\"auto, (max-width: 300px) 100vw, 300px\" title=\"\"><\/div>\n\t\t\t\t\t<div class=\"wc-block-grid__product-title\">Ozon-Generator Cecotec TotalPure 4000 Light Ozone<\/div>\n\t\t\t\t<\/a>\n\t\t\t\t\n\t\t\t\t\n\t\t\t\t\n\t\t\t<\/li><li class=\"wc-block-grid__product\">\n\t\t\t\t<a href=\"https:\/\/klima-theke.com\/?product=luftbefeuchter-cecotec-breezecare-2600-light-smart\" class=\"wc-block-grid__product-link\">\n\t\t\t\t\t\n\t\t\t\t\t<div class=\"wc-block-grid__product-image\"><img loading=\"lazy\" decoding=\"async\" width=\"300\" height=\"300\" src=\"https:\/\/klima-theke.com\/wp-content\/uploads\/2023\/10\/8435484056311_A0-1-300x300.jpg\" class=\"attachment-woocommerce_thumbnail size-woocommerce_thumbnail\" alt=\"Luftbefeuchter Cecotec BreezeCare 2600 Light Smart\" srcset=\"https:\/\/klima-theke.com\/wp-content\/uploads\/2023\/10\/8435484056311_A0-1-300x300.jpg 300w, https:\/\/klima-theke.com\/wp-content\/uploads\/2023\/10\/8435484056311_A0-1-150x150.jpg 150w, https:\/\/klima-theke.com\/wp-content\/uploads\/2023\/10\/8435484056311_A0-1-100x100.jpg 100w, https:\/\/klima-theke.com\/wp-content\/uploads\/2023\/10\/8435484056311_A0-1.jpg 600w\" sizes=\"auto, (max-width: 300px) 100vw, 300px\" title=\"\"><\/div>\n\t\t\t\t\t<div class=\"wc-block-grid__product-title\">Luftbefeuchter Cecotec BreezeCare 2600 Light Smart<\/div>\n\t\t\t\t<\/a>\n\t\t\t\t\n\t\t\t\t\n\t\t\t\t\n\t\t\t<\/li><\/ul><\/div>\n\n\n<h3 class=\"wp-block-heading\" id=\"modelle-und-besonderheiten-von-luftbefeuchtern\">Modelle und Besonderheiten von Luftbefeuchtern<\/h3>\n\n\n\n<p>Wir bieten verschiedene Modelle von Luftbefeuchtern an, darunter den <a href=\"https:\/\/klima-theke.com\/produkt\/luftbefeuchter-cecotec-breezecare-3000\/\">Breezecare 3000<\/a>, den <a href=\"https:\/\/klima-theke.com\/produkt\/luftbefeuchter-cecotec-breezecare-2600-light-smart\/\">Breezecare 2600 Light Smart<\/a> und den <a href=\"https:\/\/klima-theke.com\/produkt\/luftbefeuchter-purearoma-550-connected-black-woody-cecotec-500-ml\/\">PureAroma 550 Connected Black Woody Cecotec 500 ml<\/a>. Jedes dieser Modelle bietet einzigartige Funktionen und Vorteile, die auf unterschiedliche Bed\u00fcrfnisse abgestimmt sind.<\/p>\n\n\n\n<p><strong>Vergleich zwischen mobilen Luftk\u00fchlern und Luftbefeuchtern<\/strong><\/p>\n\n\n\n<h3 class=\"wp-block-heading\" id=\"wann-ist-welches-gerat-am-besten-geeignet\">Wann ist welches Ger\u00e4t am besten geeignet?<\/h3>\n\n\n\n<p>Die Wahl zwischen einem mobilen Luftk\u00fchler und einem Luftbefeuchter h\u00e4ngt von deinen individuellen Bed\u00fcrfnissen ab. Wenn dein Hauptziel die Abk\u00fchlung der Raumtemperatur ist, ist ein mobiler Luftk\u00fchler die beste Wahl. Wenn du jedoch die Luftqualit\u00e4t verbessern und Trockenheit vermeiden m\u00f6chtest, ist ein Luftbefeuchter die bessere Option.<\/p>\n\n\n\n<p><strong>H\u00e4ufig gestellte Fragen zu mobilen Luftk\u00fchlern und Luftbefeuchtern<\/strong><\/p>\n\n\n\n<h3 class=\"wp-block-heading\" id=\"kann-ich-beide-gerate-gleichzeitig-verwenden\">Kann ich beide Ger\u00e4te gleichzeitig verwenden?<\/h3>\n\n\n\n<p>Ja, du kannst sowohl einen mobilen Luftk\u00fchler als auch einen Luftbefeuchter gleichzeitig verwenden, um sowohl die Temperatur als auch die Feuchtigkeit in deinem Raum zu kontrollieren.<\/p>\n\n\n\n<h3 class=\"wp-block-heading\" id=\"wie-viel-energie-verbrauchen-diese-gerate\">Wie viel Energie verbrauchen diese Ger\u00e4te?<\/h3>\n\n\n\n<p>Die Energieeffizienz kann von Modell zu Modell variieren, aber generell sind beide Ger\u00e4tetypen sehr energieeffizient.<\/p>\n\n\n\n<h3 class=\"wp-block-heading\" id=\"sind-diese-gerate-fur-alle-raumlichkeiten-geeignet\">Sind diese Ger\u00e4te f\u00fcr alle R\u00e4umlichkeiten geeignet?<\/h3>\n\n\n\n<p>Ja, mobile Luftk\u00fchler und Luftbefeuchter k\u00f6nnen in fast allen R\u00e4umlichkeiten eingesetzt werden, einschlie\u00dflich Wohn-, Schlaf- und B\u00fcror\u00e4umen.<\/p>\n\n\n\n<p><strong>Schlussbemerkungen<\/strong><\/p>\n\n\n\n<p>Mobile Luftk\u00fchler und Luftbefeuchter sind ausgezeichnete L\u00f6sungen, um im Sommer eine angenehme Erfrischung zu schaffen und gleichzeitig die Luftqualit\u00e4t zu verbessern. Wir laden dich ein, unser Sortiment zu entdecken und das Ger\u00e4t zu w\u00e4hlen, das am besten zu deinen Bed\u00fcrfnissen passt. Bereite dich auf den Sommer vor und genie\u00dfe eine angenehme Erfrischung mit unseren mobilen Luftk\u00fchlern und Luftbefeuchtern!<\/p>\n","protected":false},"excerpt":{"rendered":"<p>In den hei\u00dfen Sommermonaten sehnen wir uns alle nach einer willkommenen Abk\u00fchlung. Mobile Luftk\u00fchler und Luftbefeuchter sind praktische und effiziente L\u00f6sungen, um dieses Bed\u00fcrfnis zu erf\u00fcllen. Sie bieten nicht nur Erfrischung, sondern tragen auch zu einer gesunden Raumluft bei. Der mobile Luftk\u00fchler Was ist ein mobiler Luftk\u00fchler? Ein mobiler Luftk\u00fchler ist ein tragbares Ger\u00e4t, das [&#8230;]\n","protected":false},"author":2,"featured_media":0,"comment_status":"open","ping_status":"open","sticky":false,"template":"","format":"standard","meta":{"footnotes":""},"categories":[37],"tags":[],"class_list":["post-15968","post","type-post","status-publish","format-standard","hentry","category-blog"],"_links":{"self":[{"href":"https:\/\/klima-theke.com\/index.php?rest_route=\/wp\/v2\/posts\/15968","targetHints":{"allow":["GET"]}}],"collection":[{"href":"https:\/\/klima-theke.com\/index.php?rest_route=\/wp\/v2\/posts"}],"about":[{"href":"https:\/\/klima-theke.com\/index.php?rest_route=\/wp\/v2\/types\/post"}],"author":[{"embeddable":true,"href":"https:\/\/klima-theke.com\/index.php?rest_route=\/wp\/v2\/users\/2"}],"replies":[{"embeddable":true,"href":"https:\/\/klima-theke.com\/index.php?rest_route=%2Fwp%2Fv2%2Fcomments&post=15968"}],"version-history":[{"count":3,"href":"https:\/\/klima-theke.com\/index.php?rest_route=\/wp\/v2\/posts\/15968\/revisions"}],"predecessor-version":[{"id":15977,"href":"https:\/\/klima-theke.com\/index.php?rest_route=\/wp\/v2\/posts\/15968\/revisions\/15977"}],"wp:attachment":[{"href":"https:\/\/klima-theke.com\/index.php?rest_route=%2Fwp%2Fv2%2Fmedia&parent=15968"}],"wp:term":[{"taxonomy":"category","embeddable":true,"href":"https:\/\/klima-theke.com\/index.php?rest_route=%2Fwp%2Fv2%2Fcategories&post=15968"},{"taxonomy":"post_tag","embeddable":true,"href":"https:\/\/klima-theke.com\/index.php?rest_route=%2Fwp%2Fv2%2Ftags&post=15968"}],"curies":[{"name":"wp","href":"https:\/\/api.w.org\/{rel}","templated":true}]}}